{"id":750,"date":"2016-10-01T20:35:00","date_gmt":"2016-10-01T18:35:00","guid":{"rendered":"https:\/\/motorradvermietung-hamburg.de\/?p=750"},"modified":"2023-02-04T13:29:32","modified_gmt":"2023-02-04T12:29:32","slug":"os-passos-de-montanha-mais-altos-do-mundo","status":"publish","type":"post","link":"https:\/\/motorradvermietung-hamburg.de\/pt\/os-passos-de-montanha-mais-altos-do-mundo\/","title":{"rendered":"Os passos de montanha mais altos do mundo"},"content":{"rendered":"<p><strong>Per\u00edodo:<br><\/strong>12.09.2016 - 03.10.2016<\/p>\n\n\n\n<p><strong>Abordagem de tempo:<\/strong><br>3 semanas<\/p>\n\n\n\n<p><strong>A equipe:<\/strong><br>Dave (AUS), Tony (AUS), Ashish (IND), Nosh (IND) e eu (GER)<\/p>\n\n\n\n<p><strong>O plano:<\/strong><br>Tr\u00eas semanas percorrendo os passos mais altos do mundo em uma motocicleta.<\/p>\n\n\n\n<p><strong>O processo:<\/strong><br>Conhecidos na \u00cdndia (Nova D\u00e9lhi), os australianos e nosso amigo Nosh, da \u00cdndia, come\u00e7aram sua jornada em Sydney. Nosh agora vive como um expatriado com sua esposa e filha em Sydney, Austr\u00e1lia. Ashish mora no sul da \u00cdndia e dirigiu at\u00e9 Nova D\u00e9lhi com sua picape e motocicleta para nosso passeio planejado.<br>Voei de Hamburgo para Nova D\u00e9lhi via Dubai.<\/p>\n\n\n\n<p>Depois de chegarmos ao aeroporto, pegamos um pequeno t\u00e1xi direto para o escrit\u00f3rio de aluguel de motocicletas no centro de Nova D\u00e9lhi. Voc\u00ea pode ver o restante do processo e nossa hist\u00f3ria no filme do YouTube.<\/p>\n\n\n\n<figure class=\"wp-block-embed is-type-video is-provider-youtube wp-block-embed-youtube wp-embed-aspect-16-9 wp-has-aspect-ratio\"><div class=\"wp-block-embed__wrapper\">\n<iframe loading=\"lazy\" title=\"Aventura de motocicleta - Himalaia, extremo norte da \u00cdndia\" width=\"500\" height=\"281\" src=\"https:\/\/www.youtube.com\/embed\/N4plzwfDwJE?feature=oembed\" frameborder=\"0\" allow=\"accelerometer; autoplay; clipboard-write; encrypted-media; gyroscope; picture-in-picture; web-share\" referrerpolicy=\"strict-origin-when-cross-origin\" allowfullscreen><\/iframe>\n<\/div><\/figure>","protected":false},"excerpt":{"rendered":"<p>Reuni\u00e3o conjunta na \u00cdndia (Nova D\u00e9lhi), a Austr\u00e1lia e nosso amigo Nosh, da \u00cdndia, iniciam sua jornada em Sydney.<\/p>","protected":false},"author":1,"featured_media":755,"comment_status":"open","ping_status":"open","sticky":false,"template":"","format":"standard","meta":{"_acf_changed":false,"_seopress_robots_primary_cat":"","_seopress_titles_title":"","_seopress_titles_desc":"","_seopress_robots_index":"","footnotes":""},"categories":[1],"tags":[],"class_list":["post-750","post","type-post","status-publish","format-standard","has-post-thumbnail","hentry","category-uncategorized"],"acf":[],"_links":{"self":[{"href":"https:\/\/motorradvermietung-hamburg.de\/pt\/wp-json\/wp\/v2\/posts\/750","targetHints":{"allow":["GET"]}}],"collection":[{"href":"https:\/\/motorradvermietung-hamburg.de\/pt\/wp-json\/wp\/v2\/posts"}],"about":[{"href":"https:\/\/motorradvermietung-hamburg.de\/pt\/wp-json\/wp\/v2\/types\/post"}],"author":[{"embeddable":true,"href":"https:\/\/motorradvermietung-hamburg.de\/pt\/wp-json\/wp\/v2\/users\/1"}],"replies":[{"embeddable":true,"href":"https:\/\/motorradvermietung-hamburg.de\/pt\/wp-json\/wp\/v2\/comments?post=750"}],"version-history":[{"count":4,"href":"https:\/\/motorradvermietung-hamburg.de\/pt\/wp-json\/wp\/v2\/posts\/750\/revisions"}],"predecessor-version":[{"id":850,"href":"https:\/\/motorradvermietung-hamburg.de\/pt\/wp-json\/wp\/v2\/posts\/750\/revisions\/850"}],"wp:featuredmedia":[{"embeddable":true,"href":"https:\/\/motorradvermietung-hamburg.de\/pt\/wp-json\/wp\/v2\/media\/755"}],"wp:attachment":[{"href":"https:\/\/motorradvermietung-hamburg.de\/pt\/wp-json\/wp\/v2\/media?parent=750"}],"wp:term":[{"taxonomy":"category","embeddable":true,"href":"https:\/\/motorradvermietung-hamburg.de\/pt\/wp-json\/wp\/v2\/categories?post=750"},{"taxonomy":"post_tag","embeddable":true,"href":"https:\/\/motorradvermietung-hamburg.de\/pt\/wp-json\/wp\/v2\/tags?post=750"}],"curies":[{"name":"wp","href":"https:\/\/api.w.org\/{rel}","templated":true}]}}